{"id":4822,"date":"2022-07-04T13:49:36","date_gmt":"2022-07-04T11:49:36","guid":{"rendered":"https:\/\/unceasingsolutions.com\/?p=4822"},"modified":"2023-04-03T13:52:15","modified_gmt":"2023-04-03T11:52:15","slug":"zespol-projektu-szlak-maryjny-swiatlo-ze-wschodu-odwiedzil-gore-maryjna-w-lewoczy","status":"publish","type":"post","link":"https:\/\/svatomarianskaput.sk\/pl\/zespol-projektu-szlak-maryjny-swiatlo-ze-wschodu-odwiedzil-gore-maryjna-w-lewoczy\/","title":{"rendered":"Zesp\u00f3\u0142 projektu Szlak Maryjny &#8222;\u015awiat\u0142o ze Wschodu&#8221; odwiedzi\u0142 G\u00f3r\u0119 Maryjn\u0105 w Lewoczy"},"content":{"rendered":"<p><div class=\"content-image\" >\r\n    <a data-fancybox=\"lightbox\" href=\"https:\/\/svatomarianskaput.sk\/wp-content\/uploads\/2023\/03\/IMG_1976.jpg\"><img fetchpriority=\"high\" decoding=\"async\" class=\" wp-image-3089 alignright\" src=\"https:\/\/svatomarianskaput.sk\/wp-content\/uploads\/2023\/03\/IMG_1976-500x390.jpg\" alt=\"\" width=\"401\" height=\"313\" srcset=\"https:\/\/svatomarianskaput.sk\/wp-content\/uploads\/2023\/03\/IMG_1976-500x390.jpg 500w, https:\/\/svatomarianskaput.sk\/wp-content\/uploads\/2023\/03\/IMG_1976-1024x800.jpg 1024w, https:\/\/svatomarianskaput.sk\/wp-content\/uploads\/2023\/03\/IMG_1976-768x600.jpg 768w, https:\/\/svatomarianskaput.sk\/wp-content\/uploads\/2023\/03\/IMG_1976-1536x1199.jpg 1536w, https:\/\/svatomarianskaput.sk\/wp-content\/uploads\/2023\/03\/IMG_1976.jpg 1857w\" sizes=\"(max-width: 401px) 100vw, 401px\" \/><\/a><\/div><\/p>\n<p>&nbsp;<\/p>\n<p>&nbsp;<\/p>\n<p>Z okazji tegorocznego g\u0142\u00f3wnego odpustu w Lewoczy, nasi koledzy zaprezentowali w eksterierze Lewockiej G\u00f3ry udany projekt Samorz\u0105dowego Kraju Preszowskiego pt: &#8222;Szlak Maryjny &#8211; \u015awiat\u0142o ze Wschodu&#8221;. W ci\u0105gu obu dni na naszym stoisku promocyjnym witali\u015bmy wielu pielgrzym\u00f3w, kt\u00f3rym przedstawiali\u015bmy nasze ciekawe materia\u0142y promocyjne. Wed\u0142ug s\u0142\u00f3w niekt\u00f3rych pielgrzym\u00f3w, jeste\u015bmy wielk\u0105 inspiracj\u0105 dla wszystkich, kt\u00f3rzy w przysz\u0142o\u015bci chc\u0105 pod\u0105\u017ca\u0107 Szlakiem Maryjnym promowanych miejsc pielgrzymkowych.<\/p>\n<p>Tradycyjny lewocki odpust odbywa si\u0119 regularnie co roku z okazji lipcowego \u015bwi\u0119ta Nawiedzenia Naj\u015bwi\u0119tszej Maryi Panny w bazylice na Maryjnej G\u00f3rze w Lewoczy. Has\u0142o tegorocznej lewockiej pielgrzymki brzmi &#8222;Mi\u0142o\u015b\u0107 rodzinna, powo\u0142anie i droga \u015bwi\u0119to\u015bci&#8221; i jest zwi\u0105zane z Diecezjalnym Spotkaniem Rodzin, kt\u00f3re nast\u0119puje po X \u015awiatowym Spotkaniu Rodzin w Rzymie. Od 26 czerwca do 3 lipca 2022 r. na miejscu pielgrzymki odprawiane by\u0142y Msze \u015bw. ze wstawiennictwem tematycznie skoncentrowanym na ma\u0142\u017ce\u0144stwie i rodzinie.<\/p>\n<p>W niedziel\u0119 3 lipca spotkanie rodzin diecezji spiskiej zako\u0144czy\u0142o si\u0119 obchodami setnej rocznicy konsekracji bazyliki Nawiedzenia Naj\u015bwi\u0119tszej Maryi Panny na Lewockiej G\u00f3rze. S\u0142uga Bo\u017cy, biskup diecezjalny Spisza, J\u00e1n Vojta\u0161\u0161\u00e1k, wkr\u00f3tce po swojej nominacji wyczu\u0142, jak bardzo Spisz i jego mieszka\u0144cy potrzebowali miejsca, w kt\u00f3rym mogliby oddawa\u0107 ho\u0142d Matce Niebieskiej i pielgrzymowa\u0107 do Niej w obecnych, podzielonych po wojnie czasach. Dlatego 2 lipca 1922 r. po\u015bwi\u0119ci\u0142 czwarty ko\u015bci\u00f3\u0142 (dzisiejsz\u0105 bazylik\u0119) na G\u00f3rze Maria\u0144skiej.<\/p>\n<p>Mi\u0142o\u015b\u0107 w rodzinie &#8211; powo\u0142anie i droga do \u015bwi\u0119to\u015bci rozbrzmiewa\u0142a praktycznie w ka\u017cdej Mszy \u015awi\u0119tej i nabo\u017ce\u0144stwie podczas tegorocznej pielgrzymki w Lewoczy. Arcybiskup i metropolita koszycki bp. Bernard Bober w homilii ko\u0144cz\u0105cej uroczyst\u0105 Msz\u0119 \u015awi\u0119t\u0105 zwi\u0105zan\u0105 z odnowieniem przyrzecze\u0144 ma\u0142\u017ce\u0144skich scharakteryzowa\u0142 najpowa\u017cniejsze przyczyny zagro\u017cenia wsp\u00f3\u0142czesnych rodzin, ale jednocze\u015bnie zach\u0119ca\u0142 pielgrzymkowe zgromadzenie: &#8222;W nagromadzeniu l\u0119ku B\u00f3g jest najwi\u0119ksz\u0105 pewno\u015bci\u0105. We wszystkich naszych troskach o bezpiecze\u0144stwo materialne nie tra\u0107my wiary. Jezus Chrystus chce nas poci\u0105gn\u0105\u0107 w g\u00f3r\u0119, oderwa\u0107 od przyziemno\u015bci.&#8221;<\/p>\n<p>Podczas weekendu zaskakuj\u0105co du\u017co rodzin z ma\u0142ymi dzie\u0107mi odwiedzi\u0142o Maria\u0144sk\u0105 G\u00f3r\u0119. Atmosfera tegorocznej pielgrzymki by\u0142a \u015bwi\u0105teczna, modlitewna i dobroduszna. Nabo\u017ce\u0144stwa i zaj\u0119cia w ramach duchowego wydarzenia mia\u0142y rzadko spotykany p\u0142ynny, spokojny przebieg, wzmocniony wspania\u0142o\u015bci\u0105 czasoprzestrzeni lewockiego miejsca pielgrzymkowego, kt\u00f3re nale\u017cy do stowarzyszenia dwudziestu najwi\u0119kszych europejskich sanktuari\u00f3w maryjnych.<\/p>\n<p>Lewocza jest najstarszym miejscem pielgrzymkowym we wschodniej S\u0142owacji. Korzenie kultu maryjnego si\u0119gaj\u0105 XIII wieku. W 1995 roku g\u00f3r\u0119 maryjn\u0105 odwiedzi\u0142 \u015bwi\u0119ty Jan Pawe\u0142 II. Co roku na g\u0142\u00f3wn\u0105 pielgrzymk\u0119, kt\u00f3ra trwa tydzie\u0144, przybywa oko\u0142o p\u00f3\u0142 miliona pielgrzym\u00f3w maryjnych.<\/p>\n<p>&nbsp;<\/p>\n<p><div class=\"content-image\" >\r\n    <a data-fancybox=\"lightbox\" href=\"https:\/\/svatomarianskaput.sk\/wp-content\/uploads\/2023\/03\/IMG_1924.jpeg\"><img decoding=\"async\" class=\"aligncenter wp-image-3090 size-full\" src=\"https:\/\/svatomarianskaput.sk\/wp-content\/uploads\/2023\/03\/IMG_1924.jpeg\" alt=\"\" width=\"1647\" height=\"1386\" srcset=\"https:\/\/svatomarianskaput.sk\/wp-content\/uploads\/2023\/03\/IMG_1924.jpeg 1647w, https:\/\/svatomarianskaput.sk\/wp-content\/uploads\/2023\/03\/IMG_1924-500x421.jpeg 500w, https:\/\/svatomarianskaput.sk\/wp-content\/uploads\/2023\/03\/IMG_1924-1024x862.jpeg 1024w, https:\/\/svatomarianskaput.sk\/wp-content\/uploads\/2023\/03\/IMG_1924-768x646.jpeg 768w, https:\/\/svatomarianskaput.sk\/wp-content\/uploads\/2023\/03\/IMG_1924-1536x1293.jpeg 1536w\" sizes=\"(max-width: 1647px) 100vw, 1647px\" \/><\/a><\/div> <div class=\"content-image\" >\r\n    <a data-fancybox=\"lightbox\" href=\"https:\/\/svatomarianskaput.sk\/wp-content\/uploads\/2023\/03\/IMG_1935-e1678183730884.jpeg\"><img decoding=\"async\" class=\"aligncenter wp-image-3091 size-full\" src=\"https:\/\/svatomarianskaput.sk\/wp-content\/uploads\/2023\/03\/IMG_1935.jpeg\" alt=\"\" width=\"2048\" height=\"1536\" \/><\/a><\/div> <div class=\"content-image\" >\r\n    <a data-fancybox=\"lightbox\" href=\"https:\/\/svatomarianskaput.sk\/wp-content\/uploads\/2023\/03\/IMG_1940.jpeg\"><img loading=\"lazy\" decoding=\"async\" class=\"aligncenter wp-image-3092 size-full\" src=\"https:\/\/svatomarianskaput.sk\/wp-content\/uploads\/2023\/03\/IMG_1940.jpeg\" alt=\"\" width=\"2048\" height=\"1536\" srcset=\"https:\/\/svatomarianskaput.sk\/wp-content\/uploads\/2023\/03\/IMG_1940.jpeg 2048w, https:\/\/svatomarianskaput.sk\/wp-content\/uploads\/2023\/03\/IMG_1940-500x375.jpeg 500w, https:\/\/svatomarianskaput.sk\/wp-content\/uploads\/2023\/03\/IMG_1940-1024x768.jpeg 1024w, https:\/\/svatomarianskaput.sk\/wp-content\/uploads\/2023\/03\/IMG_1940-768x576.jpeg 768w, https:\/\/svatomarianskaput.sk\/wp-content\/uploads\/2023\/03\/IMG_1940-1536x1152.jpeg 1536w\" sizes=\"(max-width: 2048px) 100vw, 2048px\" \/><\/a><\/div> <div class=\"content-image\" >\r\n    <a data-fancybox=\"lightbox\" href=\"https:\/\/svatomarianskaput.sk\/wp-content\/uploads\/2023\/03\/IMG_1976-1.jpg\"><img loading=\"lazy\" decoding=\"async\" class=\"aligncenter wp-image-3093 size-full\" src=\"https:\/\/svatomarianskaput.sk\/wp-content\/uploads\/2023\/03\/IMG_1976-1.jpg\" alt=\"\" width=\"1857\" height=\"1450\" srcset=\"https:\/\/svatomarianskaput.sk\/wp-content\/uploads\/2023\/03\/IMG_1976-1.jpg 1857w, https:\/\/svatomarianskaput.sk\/wp-content\/uploads\/2023\/03\/IMG_1976-1-500x390.jpg 500w, https:\/\/svatomarianskaput.sk\/wp-content\/uploads\/2023\/03\/IMG_1976-1-1024x800.jpg 1024w, https:\/\/svatomarianskaput.sk\/wp-content\/uploads\/2023\/03\/IMG_1976-1-768x600.jpg 768w, https:\/\/svatomarianskaput.sk\/wp-content\/uploads\/2023\/03\/IMG_1976-1-1536x1199.jpg 1536w\" sizes=\"(max-width: 1857px) 100vw, 1857px\" \/><\/a><\/div><\/p>\n","protected":false},"excerpt":{"rendered":"<p>&nbsp; &nbsp; Z okazji tegorocznego g\u0142\u00f3wnego odpustu w Lewoczy, nasi koledzy zaprezentowali w eksterierze Lewockiej G\u00f3ry udany projekt Samorz\u0105dowego Kraju Preszowskiego pt: &#8222;Szlak Maryjny &#8211; \u015awiat\u0142o ze Wschodu&#8221;. W ci\u0105gu obu dni na naszym stoisku promocyjnym witali\u015bmy wielu pielgrzym\u00f3w, kt\u00f3rym przedstawiali\u015bmy nasze ciekawe materia\u0142y promocyjne. Wed\u0142ug s\u0142\u00f3w niekt\u00f3rych pielgrzym\u00f3w, jeste\u015bmy wielk\u0105 inspiracj\u0105 dla wszystkich, kt\u00f3rzy [&hellip;]<\/p>\n","protected":false},"author":6,"featured_media":3091,"comment_status":"open","ping_status":"open","sticky":false,"template":"","format":"standard","meta":{"_acf_changed":false,"footnotes":""},"categories":[281,279],"tags":[],"class_list":["post-4822","post","type-post","status-publish","format-standard","has-post-thumbnail","hentry","category-miejsca-pielgrzymkowe","category-trasa-pielgrzymki"],"acf":[],"yoast_head":"<!-- This site is optimized with the Yoast SEO plugin v27.3 - https:\/\/yoast.com\/product\/yoast-seo-wordpress\/ -->\n<title>Zesp\u00f3\u0142 projektu Szlak Maryjny &quot;\u015awiat\u0142o ze Wschodu&quot; odwiedzi\u0142 G\u00f3r\u0119 Maryjn\u0105 w Lewoczy - Sv\u00e4tomari\u00e1nska p\u00fa\u0165<\/title>\n<meta name=\"robots\" content=\"index, follow, max-snippet:-1, max-image-preview:large, max-video-preview:-1\" \/>\n<link rel=\"canonical\" href=\"https:\/\/svatomarianskaput.sk\/pl\/zespol-projektu-szlak-maryjny-swiatlo-ze-wschodu-odwiedzil-gore-maryjna-w-lewoczy\/\" \/>\n<meta property=\"og:locale\" content=\"pl_PL\" \/>\n<meta property=\"og:type\" content=\"article\" \/>\n<meta property=\"og:title\" content=\"Zesp\u00f3\u0142 projektu Szlak Maryjny &quot;\u015awiat\u0142o ze Wschodu&quot; odwiedzi\u0142 G\u00f3r\u0119 Maryjn\u0105 w Lewoczy - Sv\u00e4tomari\u00e1nska p\u00fa\u0165\" \/>\n<meta property=\"og:description\" content=\"&nbsp; &nbsp; Z okazji tegorocznego g\u0142\u00f3wnego odpustu w Lewoczy, nasi koledzy zaprezentowali w eksterierze Lewockiej G\u00f3ry udany projekt Samorz\u0105dowego Kraju Preszowskiego pt: &#8222;Szlak Maryjny &#8211; \u015awiat\u0142o ze Wschodu&#8221;. W ci\u0105gu obu dni na naszym stoisku promocyjnym witali\u015bmy wielu pielgrzym\u00f3w, kt\u00f3rym przedstawiali\u015bmy nasze ciekawe materia\u0142y promocyjne. Wed\u0142ug s\u0142\u00f3w niekt\u00f3rych pielgrzym\u00f3w, jeste\u015bmy wielk\u0105 inspiracj\u0105 dla wszystkich, kt\u00f3rzy [&hellip;]\" \/>\n<meta property=\"og:url\" content=\"https:\/\/svatomarianskaput.sk\/pl\/zespol-projektu-szlak-maryjny-swiatlo-ze-wschodu-odwiedzil-gore-maryjna-w-lewoczy\/\" \/>\n<meta property=\"og:site_name\" content=\"Sv\u00e4tomari\u00e1nska p\u00fa\u0165\" \/>\n<meta property=\"article:published_time\" content=\"2022-07-04T11:49:36+00:00\" \/>\n<meta property=\"article:modified_time\" content=\"2023-04-03T11:52:15+00:00\" \/>\n<meta property=\"og:image\" content=\"https:\/\/svatomarianskaput.sk\/wp-content\/uploads\/2023\/03\/IMG_1935-e1678183730884.jpeg\" \/>\n\t<meta property=\"og:image:width\" content=\"1536\" \/>\n\t<meta property=\"og:image:height\" content=\"1536\" \/>\n\t<meta property=\"og:image:type\" content=\"image\/jpeg\" \/>\n<meta name=\"author\" content=\"Inova\u010dn\u00e9 partnersk\u00e9 centrum\" \/>\n<meta name=\"twitter:card\" content=\"summary_large_image\" \/>\n<meta name=\"twitter:label1\" content=\"Napisane przez\" \/>\n\t<meta name=\"twitter:data1\" content=\"Inova\u010dn\u00e9 partnersk\u00e9 centrum\" \/>\n\t<meta name=\"twitter:label2\" content=\"Szacowany czas czytania\" \/>\n\t<meta name=\"twitter:data2\" content=\"4 minuty\" \/>\n<script type=\"application\/ld+json\" class=\"yoast-schema-graph\">{\"@context\":\"https:\\\/\\\/schema.org\",\"@graph\":[{\"@type\":\"Article\",\"@id\":\"https:\\\/\\\/svatomarianskaput.sk\\\/pl\\\/zespol-projektu-szlak-maryjny-swiatlo-ze-wschodu-odwiedzil-gore-maryjna-w-lewoczy\\\/#article\",\"isPartOf\":{\"@id\":\"https:\\\/\\\/svatomarianskaput.sk\\\/pl\\\/zespol-projektu-szlak-maryjny-swiatlo-ze-wschodu-odwiedzil-gore-maryjna-w-lewoczy\\\/\"},\"author\":{\"name\":\"Inova\u010dn\u00e9 partnersk\u00e9 centrum\",\"@id\":\"https:\\\/\\\/svatomarianskaput.sk\\\/pl\\\/#\\\/schema\\\/person\\\/694165a5a38dcafcff369eed3b079ee1\"},\"headline\":\"Zesp\u00f3\u0142 projektu Szlak Maryjny &#8222;\u015awiat\u0142o ze Wschodu&#8221; odwiedzi\u0142 G\u00f3r\u0119 Maryjn\u0105 w Lewoczy\",\"datePublished\":\"2022-07-04T11:49:36+00:00\",\"dateModified\":\"2023-04-03T11:52:15+00:00\",\"mainEntityOfPage\":{\"@id\":\"https:\\\/\\\/svatomarianskaput.sk\\\/pl\\\/zespol-projektu-szlak-maryjny-swiatlo-ze-wschodu-odwiedzil-gore-maryjna-w-lewoczy\\\/\"},\"wordCount\":489,\"commentCount\":0,\"publisher\":{\"@id\":\"https:\\\/\\\/svatomarianskaput.sk\\\/pl\\\/#organization\"},\"image\":{\"@id\":\"https:\\\/\\\/svatomarianskaput.sk\\\/pl\\\/zespol-projektu-szlak-maryjny-swiatlo-ze-wschodu-odwiedzil-gore-maryjna-w-lewoczy\\\/#primaryimage\"},\"thumbnailUrl\":\"https:\\\/\\\/svatomarianskaput.sk\\\/wp-content\\\/uploads\\\/2023\\\/03\\\/IMG_1935-e1678183730884.jpeg\",\"articleSection\":[\"\u2022 Miejsca pielgrzymkowe\",\"\u2022 Trasa pielgrzymki\"],\"inLanguage\":\"pl-PL\",\"potentialAction\":[{\"@type\":\"CommentAction\",\"name\":\"Comment\",\"target\":[\"https:\\\/\\\/svatomarianskaput.sk\\\/pl\\\/zespol-projektu-szlak-maryjny-swiatlo-ze-wschodu-odwiedzil-gore-maryjna-w-lewoczy\\\/#respond\"]}]},{\"@type\":\"WebPage\",\"@id\":\"https:\\\/\\\/svatomarianskaput.sk\\\/pl\\\/zespol-projektu-szlak-maryjny-swiatlo-ze-wschodu-odwiedzil-gore-maryjna-w-lewoczy\\\/\",\"url\":\"https:\\\/\\\/svatomarianskaput.sk\\\/pl\\\/zespol-projektu-szlak-maryjny-swiatlo-ze-wschodu-odwiedzil-gore-maryjna-w-lewoczy\\\/\",\"name\":\"Zesp\u00f3\u0142 projektu Szlak Maryjny \\\"\u015awiat\u0142o ze Wschodu\\\" odwiedzi\u0142 G\u00f3r\u0119 Maryjn\u0105 w Lewoczy - Sv\u00e4tomari\u00e1nska p\u00fa\u0165\",\"isPartOf\":{\"@id\":\"https:\\\/\\\/svatomarianskaput.sk\\\/pl\\\/#website\"},\"primaryImageOfPage\":{\"@id\":\"https:\\\/\\\/svatomarianskaput.sk\\\/pl\\\/zespol-projektu-szlak-maryjny-swiatlo-ze-wschodu-odwiedzil-gore-maryjna-w-lewoczy\\\/#primaryimage\"},\"image\":{\"@id\":\"https:\\\/\\\/svatomarianskaput.sk\\\/pl\\\/zespol-projektu-szlak-maryjny-swiatlo-ze-wschodu-odwiedzil-gore-maryjna-w-lewoczy\\\/#primaryimage\"},\"thumbnailUrl\":\"https:\\\/\\\/svatomarianskaput.sk\\\/wp-content\\\/uploads\\\/2023\\\/03\\\/IMG_1935-e1678183730884.jpeg\",\"datePublished\":\"2022-07-04T11:49:36+00:00\",\"dateModified\":\"2023-04-03T11:52:15+00:00\",\"breadcrumb\":{\"@id\":\"https:\\\/\\\/svatomarianskaput.sk\\\/pl\\\/zespol-projektu-szlak-maryjny-swiatlo-ze-wschodu-odwiedzil-gore-maryjna-w-lewoczy\\\/#breadcrumb\"},\"inLanguage\":\"pl-PL\",\"potentialAction\":[{\"@type\":\"ReadAction\",\"target\":[\"https:\\\/\\\/svatomarianskaput.sk\\\/pl\\\/zespol-projektu-szlak-maryjny-swiatlo-ze-wschodu-odwiedzil-gore-maryjna-w-lewoczy\\\/\"]}]},{\"@type\":\"ImageObject\",\"inLanguage\":\"pl-PL\",\"@id\":\"https:\\\/\\\/svatomarianskaput.sk\\\/pl\\\/zespol-projektu-szlak-maryjny-swiatlo-ze-wschodu-odwiedzil-gore-maryjna-w-lewoczy\\\/#primaryimage\",\"url\":\"https:\\\/\\\/svatomarianskaput.sk\\\/wp-content\\\/uploads\\\/2023\\\/03\\\/IMG_1935-e1678183730884.jpeg\",\"contentUrl\":\"https:\\\/\\\/svatomarianskaput.sk\\\/wp-content\\\/uploads\\\/2023\\\/03\\\/IMG_1935-e1678183730884.jpeg\",\"width\":1536,\"height\":1536},{\"@type\":\"BreadcrumbList\",\"@id\":\"https:\\\/\\\/svatomarianskaput.sk\\\/pl\\\/zespol-projektu-szlak-maryjny-swiatlo-ze-wschodu-odwiedzil-gore-maryjna-w-lewoczy\\\/#breadcrumb\",\"itemListElement\":[{\"@type\":\"ListItem\",\"position\":1,\"name\":\"Domovsk\u00e1 str\u00e1nka\",\"item\":\"https:\\\/\\\/svatomarianskaput.sk\\\/pl\\\/\"},{\"@type\":\"ListItem\",\"position\":2,\"name\":\"Zesp\u00f3\u0142 projektu Szlak Maryjny &#8222;\u015awiat\u0142o ze Wschodu&#8220; odwiedzi\u0142 G\u00f3r\u0119 Maryjn\u0105 w Lewoczy\"}]},{\"@type\":\"WebSite\",\"@id\":\"https:\\\/\\\/svatomarianskaput.sk\\\/pl\\\/#website\",\"url\":\"https:\\\/\\\/svatomarianskaput.sk\\\/pl\\\/\",\"name\":\"Sv\u00e4tomari\u00e1nska p\u00fa\u0165\",\"description\":\"Vydaj sa na cestu (seba)poznania\",\"publisher\":{\"@id\":\"https:\\\/\\\/svatomarianskaput.sk\\\/pl\\\/#organization\"},\"potentialAction\":[{\"@type\":\"SearchAction\",\"target\":{\"@type\":\"EntryPoint\",\"urlTemplate\":\"https:\\\/\\\/svatomarianskaput.sk\\\/pl\\\/?s={search_term_string}\"},\"query-input\":{\"@type\":\"PropertyValueSpecification\",\"valueRequired\":true,\"valueName\":\"search_term_string\"}}],\"inLanguage\":\"pl-PL\"},{\"@type\":\"Organization\",\"@id\":\"https:\\\/\\\/svatomarianskaput.sk\\\/pl\\\/#organization\",\"name\":\"Sv\u00e4tomari\u00e1nska p\u00fa\u0165\",\"url\":\"https:\\\/\\\/svatomarianskaput.sk\\\/pl\\\/\",\"logo\":{\"@type\":\"ImageObject\",\"inLanguage\":\"pl-PL\",\"@id\":\"https:\\\/\\\/svatomarianskaput.sk\\\/pl\\\/#\\\/schema\\\/logo\\\/image\\\/\",\"url\":\"https:\\\/\\\/svatomarianskaput.sk\\\/wp-content\\\/uploads\\\/2022\\\/05\\\/logo-sk.svg\",\"contentUrl\":\"https:\\\/\\\/svatomarianskaput.sk\\\/wp-content\\\/uploads\\\/2022\\\/05\\\/logo-sk.svg\",\"caption\":\"Sv\u00e4tomari\u00e1nska p\u00fa\u0165\"},\"image\":{\"@id\":\"https:\\\/\\\/svatomarianskaput.sk\\\/pl\\\/#\\\/schema\\\/logo\\\/image\\\/\"}},{\"@type\":\"Person\",\"@id\":\"https:\\\/\\\/svatomarianskaput.sk\\\/pl\\\/#\\\/schema\\\/person\\\/694165a5a38dcafcff369eed3b079ee1\",\"name\":\"Inova\u010dn\u00e9 partnersk\u00e9 centrum\",\"image\":{\"@type\":\"ImageObject\",\"inLanguage\":\"pl-PL\",\"@id\":\"https:\\\/\\\/secure.gravatar.com\\\/avatar\\\/29f7891c9c27e8b596e4d4b516cb4ad484e51bd012c621399f367e65bc99d2f1?s=96&d=mm&r=g\",\"url\":\"https:\\\/\\\/secure.gravatar.com\\\/avatar\\\/29f7891c9c27e8b596e4d4b516cb4ad484e51bd012c621399f367e65bc99d2f1?s=96&d=mm&r=g\",\"contentUrl\":\"https:\\\/\\\/secure.gravatar.com\\\/avatar\\\/29f7891c9c27e8b596e4d4b516cb4ad484e51bd012c621399f367e65bc99d2f1?s=96&d=mm&r=g\",\"caption\":\"Inova\u010dn\u00e9 partnersk\u00e9 centrum\"},\"sameAs\":[\"https:\\\/\\\/svatomarianskaput.sk\"]}]}<\/script>\n<!-- \/ Yoast SEO plugin. -->","yoast_head_json":{"title":"Zesp\u00f3\u0142 projektu Szlak Maryjny \"\u015awiat\u0142o ze Wschodu\" odwiedzi\u0142 G\u00f3r\u0119 Maryjn\u0105 w Lewoczy - Sv\u00e4tomari\u00e1nska p\u00fa\u0165","robots":{"index":"index","follow":"follow","max-snippet":"max-snippet:-1","max-image-preview":"max-image-preview:large","max-video-preview":"max-video-preview:-1"},"canonical":"https:\/\/svatomarianskaput.sk\/pl\/zespol-projektu-szlak-maryjny-swiatlo-ze-wschodu-odwiedzil-gore-maryjna-w-lewoczy\/","og_locale":"pl_PL","og_type":"article","og_title":"Zesp\u00f3\u0142 projektu Szlak Maryjny \"\u015awiat\u0142o ze Wschodu\" odwiedzi\u0142 G\u00f3r\u0119 Maryjn\u0105 w Lewoczy - Sv\u00e4tomari\u00e1nska p\u00fa\u0165","og_description":"&nbsp; &nbsp; Z okazji tegorocznego g\u0142\u00f3wnego odpustu w Lewoczy, nasi koledzy zaprezentowali w eksterierze Lewockiej G\u00f3ry udany projekt Samorz\u0105dowego Kraju Preszowskiego pt: &#8222;Szlak Maryjny &#8211; \u015awiat\u0142o ze Wschodu&#8221;. W ci\u0105gu obu dni na naszym stoisku promocyjnym witali\u015bmy wielu pielgrzym\u00f3w, kt\u00f3rym przedstawiali\u015bmy nasze ciekawe materia\u0142y promocyjne. Wed\u0142ug s\u0142\u00f3w niekt\u00f3rych pielgrzym\u00f3w, jeste\u015bmy wielk\u0105 inspiracj\u0105 dla wszystkich, kt\u00f3rzy [&hellip;]","og_url":"https:\/\/svatomarianskaput.sk\/pl\/zespol-projektu-szlak-maryjny-swiatlo-ze-wschodu-odwiedzil-gore-maryjna-w-lewoczy\/","og_site_name":"Sv\u00e4tomari\u00e1nska p\u00fa\u0165","article_published_time":"2022-07-04T11:49:36+00:00","article_modified_time":"2023-04-03T11:52:15+00:00","og_image":[{"width":1536,"height":1536,"url":"https:\/\/svatomarianskaput.sk\/wp-content\/uploads\/2023\/03\/IMG_1935-e1678183730884.jpeg","type":"image\/jpeg"}],"author":"Inova\u010dn\u00e9 partnersk\u00e9 centrum","twitter_card":"summary_large_image","twitter_misc":{"Napisane przez":"Inova\u010dn\u00e9 partnersk\u00e9 centrum","Szacowany czas czytania":"4 minuty"},"schema":{"@context":"https:\/\/schema.org","@graph":[{"@type":"Article","@id":"https:\/\/svatomarianskaput.sk\/pl\/zespol-projektu-szlak-maryjny-swiatlo-ze-wschodu-odwiedzil-gore-maryjna-w-lewoczy\/#article","isPartOf":{"@id":"https:\/\/svatomarianskaput.sk\/pl\/zespol-projektu-szlak-maryjny-swiatlo-ze-wschodu-odwiedzil-gore-maryjna-w-lewoczy\/"},"author":{"name":"Inova\u010dn\u00e9 partnersk\u00e9 centrum","@id":"https:\/\/svatomarianskaput.sk\/pl\/#\/schema\/person\/694165a5a38dcafcff369eed3b079ee1"},"headline":"Zesp\u00f3\u0142 projektu Szlak Maryjny &#8222;\u015awiat\u0142o ze Wschodu&#8221; odwiedzi\u0142 G\u00f3r\u0119 Maryjn\u0105 w Lewoczy","datePublished":"2022-07-04T11:49:36+00:00","dateModified":"2023-04-03T11:52:15+00:00","mainEntityOfPage":{"@id":"https:\/\/svatomarianskaput.sk\/pl\/zespol-projektu-szlak-maryjny-swiatlo-ze-wschodu-odwiedzil-gore-maryjna-w-lewoczy\/"},"wordCount":489,"commentCount":0,"publisher":{"@id":"https:\/\/svatomarianskaput.sk\/pl\/#organization"},"image":{"@id":"https:\/\/svatomarianskaput.sk\/pl\/zespol-projektu-szlak-maryjny-swiatlo-ze-wschodu-odwiedzil-gore-maryjna-w-lewoczy\/#primaryimage"},"thumbnailUrl":"https:\/\/svatomarianskaput.sk\/wp-content\/uploads\/2023\/03\/IMG_1935-e1678183730884.jpeg","articleSection":["\u2022 Miejsca pielgrzymkowe","\u2022 Trasa pielgrzymki"],"inLanguage":"pl-PL","potentialAction":[{"@type":"CommentAction","name":"Comment","target":["https:\/\/svatomarianskaput.sk\/pl\/zespol-projektu-szlak-maryjny-swiatlo-ze-wschodu-odwiedzil-gore-maryjna-w-lewoczy\/#respond"]}]},{"@type":"WebPage","@id":"https:\/\/svatomarianskaput.sk\/pl\/zespol-projektu-szlak-maryjny-swiatlo-ze-wschodu-odwiedzil-gore-maryjna-w-lewoczy\/","url":"https:\/\/svatomarianskaput.sk\/pl\/zespol-projektu-szlak-maryjny-swiatlo-ze-wschodu-odwiedzil-gore-maryjna-w-lewoczy\/","name":"Zesp\u00f3\u0142 projektu Szlak Maryjny \"\u015awiat\u0142o ze Wschodu\" odwiedzi\u0142 G\u00f3r\u0119 Maryjn\u0105 w Lewoczy - Sv\u00e4tomari\u00e1nska p\u00fa\u0165","isPartOf":{"@id":"https:\/\/svatomarianskaput.sk\/pl\/#website"},"primaryImageOfPage":{"@id":"https:\/\/svatomarianskaput.sk\/pl\/zespol-projektu-szlak-maryjny-swiatlo-ze-wschodu-odwiedzil-gore-maryjna-w-lewoczy\/#primaryimage"},"image":{"@id":"https:\/\/svatomarianskaput.sk\/pl\/zespol-projektu-szlak-maryjny-swiatlo-ze-wschodu-odwiedzil-gore-maryjna-w-lewoczy\/#primaryimage"},"thumbnailUrl":"https:\/\/svatomarianskaput.sk\/wp-content\/uploads\/2023\/03\/IMG_1935-e1678183730884.jpeg","datePublished":"2022-07-04T11:49:36+00:00","dateModified":"2023-04-03T11:52:15+00:00","breadcrumb":{"@id":"https:\/\/svatomarianskaput.sk\/pl\/zespol-projektu-szlak-maryjny-swiatlo-ze-wschodu-odwiedzil-gore-maryjna-w-lewoczy\/#breadcrumb"},"inLanguage":"pl-PL","potentialAction":[{"@type":"ReadAction","target":["https:\/\/svatomarianskaput.sk\/pl\/zespol-projektu-szlak-maryjny-swiatlo-ze-wschodu-odwiedzil-gore-maryjna-w-lewoczy\/"]}]},{"@type":"ImageObject","inLanguage":"pl-PL","@id":"https:\/\/svatomarianskaput.sk\/pl\/zespol-projektu-szlak-maryjny-swiatlo-ze-wschodu-odwiedzil-gore-maryjna-w-lewoczy\/#primaryimage","url":"https:\/\/svatomarianskaput.sk\/wp-content\/uploads\/2023\/03\/IMG_1935-e1678183730884.jpeg","contentUrl":"https:\/\/svatomarianskaput.sk\/wp-content\/uploads\/2023\/03\/IMG_1935-e1678183730884.jpeg","width":1536,"height":1536},{"@type":"BreadcrumbList","@id":"https:\/\/svatomarianskaput.sk\/pl\/zespol-projektu-szlak-maryjny-swiatlo-ze-wschodu-odwiedzil-gore-maryjna-w-lewoczy\/#breadcrumb","itemListElement":[{"@type":"ListItem","position":1,"name":"Domovsk\u00e1 str\u00e1nka","item":"https:\/\/svatomarianskaput.sk\/pl\/"},{"@type":"ListItem","position":2,"name":"Zesp\u00f3\u0142 projektu Szlak Maryjny &#8222;\u015awiat\u0142o ze Wschodu&#8220; odwiedzi\u0142 G\u00f3r\u0119 Maryjn\u0105 w Lewoczy"}]},{"@type":"WebSite","@id":"https:\/\/svatomarianskaput.sk\/pl\/#website","url":"https:\/\/svatomarianskaput.sk\/pl\/","name":"Sv\u00e4tomari\u00e1nska p\u00fa\u0165","description":"Vydaj sa na cestu (seba)poznania","publisher":{"@id":"https:\/\/svatomarianskaput.sk\/pl\/#organization"},"potentialAction":[{"@type":"SearchAction","target":{"@type":"EntryPoint","urlTemplate":"https:\/\/svatomarianskaput.sk\/pl\/?s={search_term_string}"},"query-input":{"@type":"PropertyValueSpecification","valueRequired":true,"valueName":"search_term_string"}}],"inLanguage":"pl-PL"},{"@type":"Organization","@id":"https:\/\/svatomarianskaput.sk\/pl\/#organization","name":"Sv\u00e4tomari\u00e1nska p\u00fa\u0165","url":"https:\/\/svatomarianskaput.sk\/pl\/","logo":{"@type":"ImageObject","inLanguage":"pl-PL","@id":"https:\/\/svatomarianskaput.sk\/pl\/#\/schema\/logo\/image\/","url":"https:\/\/svatomarianskaput.sk\/wp-content\/uploads\/2022\/05\/logo-sk.svg","contentUrl":"https:\/\/svatomarianskaput.sk\/wp-content\/uploads\/2022\/05\/logo-sk.svg","caption":"Sv\u00e4tomari\u00e1nska p\u00fa\u0165"},"image":{"@id":"https:\/\/svatomarianskaput.sk\/pl\/#\/schema\/logo\/image\/"}},{"@type":"Person","@id":"https:\/\/svatomarianskaput.sk\/pl\/#\/schema\/person\/694165a5a38dcafcff369eed3b079ee1","name":"Inova\u010dn\u00e9 partnersk\u00e9 centrum","image":{"@type":"ImageObject","inLanguage":"pl-PL","@id":"https:\/\/secure.gravatar.com\/avatar\/29f7891c9c27e8b596e4d4b516cb4ad484e51bd012c621399f367e65bc99d2f1?s=96&d=mm&r=g","url":"https:\/\/secure.gravatar.com\/avatar\/29f7891c9c27e8b596e4d4b516cb4ad484e51bd012c621399f367e65bc99d2f1?s=96&d=mm&r=g","contentUrl":"https:\/\/secure.gravatar.com\/avatar\/29f7891c9c27e8b596e4d4b516cb4ad484e51bd012c621399f367e65bc99d2f1?s=96&d=mm&r=g","caption":"Inova\u010dn\u00e9 partnersk\u00e9 centrum"},"sameAs":["https:\/\/svatomarianskaput.sk"]}]}},"_links":{"self":[{"href":"https:\/\/svatomarianskaput.sk\/pl\/wp-json\/wp\/v2\/posts\/4822","targetHints":{"allow":["GET"]}}],"collection":[{"href":"https:\/\/svatomarianskaput.sk\/pl\/wp-json\/wp\/v2\/posts"}],"about":[{"href":"https:\/\/svatomarianskaput.sk\/pl\/wp-json\/wp\/v2\/types\/post"}],"author":[{"embeddable":true,"href":"https:\/\/svatomarianskaput.sk\/pl\/wp-json\/wp\/v2\/users\/6"}],"replies":[{"embeddable":true,"href":"https:\/\/svatomarianskaput.sk\/pl\/wp-json\/wp\/v2\/comments?post=4822"}],"version-history":[{"count":1,"href":"https:\/\/svatomarianskaput.sk\/pl\/wp-json\/wp\/v2\/posts\/4822\/revisions"}],"predecessor-version":[{"id":4823,"href":"https:\/\/svatomarianskaput.sk\/pl\/wp-json\/wp\/v2\/posts\/4822\/revisions\/4823"}],"wp:featuredmedia":[{"embeddable":true,"href":"https:\/\/svatomarianskaput.sk\/pl\/wp-json\/wp\/v2\/media\/3091"}],"wp:attachment":[{"href":"https:\/\/svatomarianskaput.sk\/pl\/wp-json\/wp\/v2\/media?parent=4822"}],"wp:term":[{"taxonomy":"category","embeddable":true,"href":"https:\/\/svatomarianskaput.sk\/pl\/wp-json\/wp\/v2\/categories?post=4822"},{"taxonomy":"post_tag","embeddable":true,"href":"https:\/\/svatomarianskaput.sk\/pl\/wp-json\/wp\/v2\/tags?post=4822"}],"curies":[{"name":"wp","href":"https:\/\/api.w.org\/{rel}","templated":true}]}}