{"id":4887,"date":"2022-08-25T15:21:11","date_gmt":"2022-08-25T13:21:11","guid":{"rendered":"https:\/\/unceasingsolutions.com\/?p=4887"},"modified":"2023-05-10T15:38:58","modified_gmt":"2023-05-10T13:38:58","slug":"projekt-szlak-maryjny-swiatlo-ze-wschodu-na-gorze-maryjnej-w-lutinie","status":"publish","type":"post","link":"https:\/\/svatomarianskaput.sk\/pl\/projekt-szlak-maryjny-swiatlo-ze-wschodu-na-gorze-maryjnej-w-lutinie\/","title":{"rendered":"Projekt Szlak Maryjny &#8211; \u015awiat\u0142o ze Wschodu na G\u00f3rze Maryjnej w \u013dutinie"},"content":{"rendered":"<p><div class=\"content-image\" >\r\n    <a data-fancybox=\"lightbox\" href=\"https:\/\/svatomarianskaput.sk\/wp-content\/uploads\/2023\/04\/4.jpg\"><img fetchpriority=\"high\" decoding=\"async\" class=\"aligncenter wp-image-4874 size-full\" src=\"https:\/\/svatomarianskaput.sk\/wp-content\/uploads\/2023\/04\/4.jpg\" alt=\"\" width=\"2046\" height=\"1536\" srcset=\"https:\/\/svatomarianskaput.sk\/wp-content\/uploads\/2023\/04\/4.jpg 2046w, https:\/\/svatomarianskaput.sk\/wp-content\/uploads\/2023\/04\/4-500x375.jpg 500w, https:\/\/svatomarianskaput.sk\/wp-content\/uploads\/2023\/04\/4-1024x769.jpg 1024w, https:\/\/svatomarianskaput.sk\/wp-content\/uploads\/2023\/04\/4-768x577.jpg 768w, https:\/\/svatomarianskaput.sk\/wp-content\/uploads\/2023\/04\/4-1536x1153.jpg 1536w\" sizes=\"(max-width: 2046px) 100vw, 2046px\" \/><\/a><\/div><\/p>\n<p>Tegoroczny archieparchialny odpust Wniebowzi\u0119cia Naj\u015bwi\u0119tszej Bogurodzicy w \u013dutinie, kulminowa\u0142 przez dwa dni w sobot\u0119 i niedziel\u0119, 20-21 sierpnia 2022 roku.<\/p>\n<p>R\u00f3wnie\u017c w tym wa\u017cnym miejscu pielgrzymkowym Ko\u015bcio\u0142a greckokatolickiego SUI IURIS, podczas tegorocznych g\u0142\u00f3wnych uroczysto\u015bci odpustowych, nasi koledzy zaprezentowali pielgrzymom udany projekt Samorz\u0105dowego Kraju Preszowskiego pt: &#8222;Szlak Maryjny &#8211; \u015awiat\u0142o ze Wschodu&#8221;. Podczas obu dni na stoisku promocyjnym witali\u015bmy wielu wiernych, kt\u00f3rzy otrzymali s\u0142owa zach\u0119ty i nasze ciekawe materia\u0142y promocyjne.<\/p>\n<p>Bogaty program duchowy odpustu zosta\u0142 przygotowany dla wiernych tradycyjnie w dw\u00f3ch miejscach &#8211; w bazylice mniejszej we wsi \u013dutina i na g\u00f3rze maryjnej nad miejscowo\u015bci\u0105, gdzie 171 lat temu biednej wdowie Zuzanie Fekete objawi\u0142 si\u0119 \u015bw. Miko\u0142aj. Program rozpocz\u0105\u0142 si\u0119 b\u0142ogos\u0142awie\u0144stwem wody na G\u00f3rze Maryjnej, a kontynuowany by\u0142 w Bazylice Mniejszej Wielk\u0105 Wieczerz\u0105 z Liturgi\u0105, kt\u00f3rej przewodniczy\u0142 W\u0142adyka Peter Rusn\u00e1k, Administrator Apostolski Archidiecezji Preszowskiej. Wyj\u0105tkowo\u015b\u0107 tej uroczysto\u015bci polega na obnoszeniu wok\u00f3\u0142 Bazyliki Mniejszej peleryny Uspie\u0144skiej (tkaniny, na kt\u00f3rej przedstawione jest Za\u015bni\u0119cie Naj\u015bwi\u0119tszej Panny). Ten obrz\u0119d z\u0142o\u017cenia do grobu odbywa si\u0119 podczas liturgicznych nieszpor\u00f3w i tak jak w Wielki Pi\u0105tek wierni oddaj\u0105 cze\u015b\u0107 Naj\u015bwi\u0119tszemu Cia\u0142u Chrystusa z\u0142o\u017conemu w grobie, tak i w tych dniach odpustu wierni \u013dutiny mieli okazj\u0119 odda\u0107 cze\u015b\u0107 grobowi Naj\u015bwi\u0119tszej Bogurodzicy.<\/p>\n<p>Po modlitwie Akatystu do Naj\u015bwi\u0119tszej Bogurodzicy nast\u0105pi\u0142a Archidiecezjalna \u015awi\u0119ta Liturgia, kt\u00f3r\u0105 celebrowa\u0142 Vladyka Peter Rusn\u00e1k. Koncelebrowali go arcybiskup emerytowany, Vladyka J\u00e1n Babjak SJ oraz biskup emerytowany z Toronto, Vladyka Mari\u00e1n Andrej Pac\u00e1k CSsR, kt\u00f3ry r\u00f3wnie\u017c og\u0142osi\u0142 homili\u0119. W homilii przypomnia\u0142 s\u0142owa Ojca \u015awi\u0119tego Papie\u017ca Franciszka, kt\u00f3ry niedawno zaprosi\u0142 wiernych do odwiedzenia w tych dniach sanktuarium maryjnego, aby uczci\u0107 Matk\u0119 Niebiesk\u0105. <em>&#8222;Odwiedzi\u0107 \u015bwi\u0105tyni\u0119, sanktuarium maryjne, z intencj\u0105 uczczenia Matki Naj\u015bwi\u0119tszej, to wzi\u0105\u0107 S\u0142owo Bo\u017ce do r\u0119ki. To jest prawdziwa cze\u015b\u0107, aby\u015bmy czytaj\u0105c S\u0142owo Bo\u017ce jeszcze bardziej poznali \u017cycie Naj\u015bwi\u0119tszej Maryi Panny, aby\u015bmy zag\u0142\u0119biaj\u0105c si\u0119 w S\u0142owo Bo\u017ce odkryli nowe rzeczy dla naszego \u017cycia&#8221;<\/em> &#8211; m\u00f3wi\u0142 w homilii W\u0142adyka Marian.<\/p>\n<p>Po \u015awi\u0119tej Liturgii program kontynuowany by\u0142 w Bazylice Akatystem do \u015bw. Miko\u0142aja Cudotw\u00f3rcy, Parastasem za zmar\u0142ych wiernych oraz modlitw\u0105 r\u00f3\u017ca\u0144cow\u0105. W tym samym czasie wierni mieli okazj\u0119 uczestniczy\u0107 w modlitwie drogi krzy\u017cowej, przechodz\u0105c na G\u00f3r\u0119 Maryjn\u0105, prowadzeni przez harcerzy. Na G\u00f3rze Maryjnej nast\u0105pi\u0142a adoracja eucharystyczna i Liturgia \u015awi\u0119ta o p\u00f3\u0142nocy, kt\u00f3rej przewodniczy\u0142 bp. \u013dubom\u00edr Petr\u00edk, delegat ad omnia archidiecezji preszowskiej. Duch celebracji tej \u015awi\u0119tej Liturgii zosta\u0142 ubogacony przez cz\u0142onk\u00f3w Drogi Neokatechumenatu.<\/p>\n<p>W niedzielny poranek program by\u0142 kontynuowany poprzez celebracj\u0119 Utirny, Pierwszej Godziny i \u015awi\u0119tej Liturgii, kt\u00f3r\u0105 w j\u0119zyku cerkiewnos\u0142owia\u0144skim odprawi\u0142 egzorcysta archidiecezji preszowskiej bp Pavol Peter Ha\u013eko OSBM. Dla wiernych, kt\u00f3rzy stopniowo wype\u0142niali ca\u0142\u0105 przestrze\u0144 G\u00f3ry Maryjnej, m\u0142odzie\u017c z ch\u00f3ru \u015bw. Piotra i Paw\u0142a z Milpo\u0161a przygotowa\u0142a program duchowy. Uroczyst\u0105 niedzieln\u0105 Archiepiskopaln\u0105 \u015awi\u0119t\u0105 Liturgi\u0119 celebrowa\u0142 Arcybiskup &#8211; Eparchialny Biskup Koszyc Cyril Vasil SJ, wraz z nim koncelebrowali Vladyka Peter Rusn\u00e1k, Vladyka J\u00e1n Babjak SJ i Vladyka Mari\u00e1n Andrej Pac\u00e1k CSsR oraz kilkudziesi\u0119ciu kap\u0142an\u00f3w.<\/p>\n<p>W\u0142adyka Cyryl na pocz\u0105tku swojej homilii odni\u00f3s\u0142 si\u0119 do aktualnych wydarze\u0144 spo\u0142ecznych, kt\u00f3re w ci\u0105gu ostatnich dni, tygodni czy miesi\u0119cy wstrz\u0105sn\u0119\u0142y spo\u0142ecze\u0144stwem nie tylko na S\u0142owacji, ale i na ca\u0142ym \u015bwiecie. W swojej homilii Vladyka Cyryl otwarcie stan\u0105\u0142 w obronie swojego brata w episkopacie, kt\u00f3ry do\u015bwiadczy\u0142 ob\u0142awy podczas festiwalu Pohoda, ale tak\u017ce odni\u00f3s\u0142 si\u0119 do sytuacji &#8222;biwakuj\u0105cych wczasowicz\u00f3w&#8221;, kt\u00f3rzy czy to w dniu dok\u0142adnie 54 lat temu w by\u0142ej Czechos\u0142owacji, czy te\u017c kilka miesi\u0119cy temu na s\u0105siedniej Ukrainie, postanowili z tym arsena\u0142em rozbi\u0107 ob\u00f3z z czo\u0142gami i innym sprz\u0119tem wojskowym na obcej, niego\u015bcinnej dla nich ziemi. Wszystkie te refleksje dotycz\u0105ce sytuacji w spo\u0142ecze\u0144stwie konfrontowa\u0142y z pytaniem: &#8222;Kim jestem, sk\u0105d przychodz\u0119, dok\u0105d zmierzam, jak tam dotr\u0119, co zabior\u0119 ze sob\u0105 w moj\u0105 \u017cyciow\u0105 podr\u00f3\u017c, co b\u0119d\u0119 ni\u00f3s\u0142 ze sob\u0105 w za\u015bwiaty, co zostanie w tyle? To s\u0105 pytania, dla kt\u00f3rych jeste\u015bmy tutaj. Chcemy wielokrotnie szuka\u0107 odpowiedzi na te pytania, nie w duchu ludzkiej m\u0105dro\u015bci, ale odpowiedzi w \u015bwietle wiary.&#8221;<\/p>\n<p>Odpowiedzi na te pytania udziela B\u00f3g, kt\u00f3ry z mi\u0142o\u015bci stwarza cz\u0142owieka, kt\u00f3ry z tej samej mi\u0142o\u015bci sk\u0142ada w ofierze swego Jednorodzonego Syna za grzechy ludzko\u015bci i kt\u00f3ry t\u0105 niezawodn\u0105 mi\u0142o\u015bci\u0105 obejmuje ka\u017cdego cz\u0142owieka, niezale\u017cnie od wielo\u015bci jego grzech\u00f3w. <em>&#8222;Je\u015bli przyw\u0142aszczymy sobie te powody, je\u015bli znajdziemy ich przyczyn\u0119 w \u015bwiadomo\u015bci mi\u0142o\u015bci Boga do nas, w \u015bwiadomo\u015bci mi\u0142o\u015bci, kt\u00f3ra jest tw\u00f3rcza, mi\u0142o\u015bci, kt\u00f3ra podtrzymuje i mi\u0142o\u015bci, kt\u00f3ra zbawia, je\u015bli u\u015bwiadomimy sobie, \u017ce ostatecznym celem naszego bytu jest bycie po\u015brednikami i propagatorami dobra, pokoju, mi\u0142osierdzia i sprawiedliwo\u015bci, czyli mi\u0142o\u015bci Boga, to rozwi\u0105\u017cemy odpowiedzi na nasze podstawowe pytania \u017cyciowe. W ten spos\u00f3b spakujemy duchowy ekwipunek nie tylko na kr\u00f3tkie czy d\u0142u\u017csze wakacje, ale ekwipunek na ca\u0142e \u017cycie, ekwipunek na ca\u0142e \u017cycie, na zdobycie \u017cycia wiecznego<\/em>&#8221; &#8211; doda\u0142 W\u0142adyka Cyryl Wasil na zako\u0144czenie swojej homilii, kt\u00f3ra by\u0142a pe\u0142na g\u0142\u0119bokich my\u015bli.<\/p>\n<p>Sobotnia \u015awi\u0119ta Liturgia by\u0142a transmitowana na \u017cywo przez Radio Lumen, a niedzielna przez RTVS na Dvojce. W tym samym czasie transmisje na \u017cywo z obu dni przeprowadzi\u0142a r\u00f3wnie\u017c TV Logos.<\/p>\n<p>Z historii tego miejsca pielgrzymkowego wybieramy. Tradycja obchod\u00f3w liturgicznych w \u013dutinie rozpocz\u0119\u0142a si\u0119 w po\u0142owie XIX wieku. W \u015bwi\u0119to Przemienienia Pa\u0144skiego 19 sierpnia 1851 roku (wed\u0142ug kalendarza julia\u0144skiego) miejscowej mieszkance Zuzanie Fekete ukaza\u0142 si\u0119 \u015bw. Miko\u0142aj. Po kolejnych objawieniach wierni postawili na g\u00f3rze krzy\u017c. Na dow\u00f3d objawie\u0144 \u015bw. Miko\u0142aj podarowa\u0142 Zuzanie ikon\u0119 maryjn\u0105, kt\u00f3r\u0105 ta mia\u0142a przekaza\u0107 swojemu ojcu duchowemu jako dar dla przysz\u0142ego sanktuarium. Po dok\u0142adnym badaniu, kt\u00f3rego wyniki przes\u0142ano do Rzymu, papie\u017c Pius IX wyda\u0142 24 maja 1855 r. dekret o mo\u017cliwo\u015bci uzyskania odpust\u00f3w w \u013dutinie. W 1988 roku ko\u015bci\u00f3\u0142 w \u013dutinie zosta\u0142 podniesiony przez papie\u017ca Jana Paw\u0142a II do rangi Bazyliki Mniejszej. W 2010 r. bazylika Wniebowzi\u0119cia Naj\u015bwi\u0119tszej Theotokos zosta\u0142a przy\u0142\u0105czona na mocy specjalnej wi\u0119zi pokrewie\u0144stwa duchowego do bazyliki Santa Maria Maggiore w Rzymie z przywilejem odpust\u00f3w zupe\u0142nych.<\/p>\n<p>W g\u00f3rach \u010cergov znajduje si\u0119 wiele historycznych skarb\u00f3w, niepowtarzalne zjawiska przyrodnicze i miejsce pielgrzymkowe w pobli\u017cu wsi \u013dutina, pe\u0142ne Bo\u017cej obecno\u015bci. Odwied\u017a wspania\u0142\u0105 Bazylik\u0119 Wniebowzi\u0119cia Naj\u015bwi\u0119tszej Theotokos, kt\u00f3rej wyobra\u017con\u0105 koron\u0105 jest wspania\u0142y ikonostas i o\u0142tarz w stylu barokowym. Nowych si\u0142 i Bo\u017cej mi\u0142o\u015bci mo\u017cesz zaczerpn\u0105\u0107 tak\u017ce w pobliskim Ogrodzie Matki Bo\u017cej, kt\u00f3ry ma dobroczynny i koj\u0105cy wp\u0142yw na cz\u0142owieka. Nie mo\u017cna omin\u0105\u0107 drewnianej cerkwi z wie\u017c\u0105 widokow\u0105, z kt\u00f3rej rozci\u0105ga si\u0119 wspania\u0142y widok na przyleg\u0142e pi\u0119kno przyrody.<\/p>\n<p>Wyruszmy w podr\u00f3\u017c odkrywania siebie poprzez niezwyk\u0142e miejsca Szlaku Maryjnego, kt\u00f3re oddychaj\u0105 obecno\u015bci\u0105 Boga. Szukaj i odnajd\u017a prawdziwy sens \u017cycia, kt\u00f3ry dostrze\u017ce tylko Twoje szczere serce. Zatrzymaj si\u0119, b\u0105d\u017a spokojny i otw\u00f3rz szeroko drzwi swojego serca, pozw\u00f3l swojej duszy wzi\u0105\u0107 g\u0142\u0119boki oddech. Szlak Maryjny (&#8222;\u015awiat\u0142o ze Wschodu&#8221;) podkre\u015bla warto\u015bci kulturowe, przyrodnicze, historyczne, spo\u0142eczne i duchowe narodu s\u0142owia\u0144skiego zwi\u0105zane z przes\u0142aniem i tradycjami maryjnymi.<\/p>\n<p><div class=\"content-image\" >\r\n    <a data-fancybox=\"lightbox\" href=\"https:\/\/svatomarianskaput.sk\/wp-content\/uploads\/2023\/04\/2.jpg\"><img decoding=\"async\" class=\"aligncenter wp-image-4875 size-full\" src=\"https:\/\/svatomarianskaput.sk\/wp-content\/uploads\/2023\/04\/2.jpg\" alt=\"\" width=\"1729\" height=\"1375\" srcset=\"https:\/\/svatomarianskaput.sk\/wp-content\/uploads\/2023\/04\/2.jpg 1729w, https:\/\/svatomarianskaput.sk\/wp-content\/uploads\/2023\/04\/2-500x398.jpg 500w, https:\/\/svatomarianskaput.sk\/wp-content\/uploads\/2023\/04\/2-1024x814.jpg 1024w, https:\/\/svatomarianskaput.sk\/wp-content\/uploads\/2023\/04\/2-768x611.jpg 768w, https:\/\/svatomarianskaput.sk\/wp-content\/uploads\/2023\/04\/2-1536x1222.jpg 1536w\" sizes=\"(max-width: 1729px) 100vw, 1729px\" \/><\/a><\/div> <div class=\"content-image\" >\r\n    <a data-fancybox=\"lightbox\" href=\"https:\/\/svatomarianskaput.sk\/wp-content\/uploads\/2023\/04\/3.jpg\"><img decoding=\"async\" class=\"aligncenter wp-image-4876 size-full\" src=\"https:\/\/svatomarianskaput.sk\/wp-content\/uploads\/2023\/04\/3.jpg\" alt=\"\" width=\"1889\" height=\"1524\" srcset=\"https:\/\/svatomarianskaput.sk\/wp-content\/uploads\/2023\/04\/3.jpg 1889w, https:\/\/svatomarianskaput.sk\/wp-content\/uploads\/2023\/04\/3-500x403.jpg 500w, https:\/\/svatomarianskaput.sk\/wp-content\/uploads\/2023\/04\/3-1024x826.jpg 1024w, https:\/\/svatomarianskaput.sk\/wp-content\/uploads\/2023\/04\/3-768x620.jpg 768w, https:\/\/svatomarianskaput.sk\/wp-content\/uploads\/2023\/04\/3-1536x1239.jpg 1536w\" sizes=\"(max-width: 1889px) 100vw, 1889px\" \/><\/a><\/div> <div class=\"content-image\" >\r\n    <a data-fancybox=\"lightbox\" href=\"https:\/\/svatomarianskaput.sk\/wp-content\/uploads\/2023\/04\/4-1.jpg\"><img loading=\"lazy\" decoding=\"async\" class=\"aligncenter wp-image-4877 size-full\" src=\"https:\/\/svatomarianskaput.sk\/wp-content\/uploads\/2023\/04\/4-1.jpg\" alt=\"\" width=\"2046\" height=\"1536\" srcset=\"https:\/\/svatomarianskaput.sk\/wp-content\/uploads\/2023\/04\/4-1.jpg 2046w, https:\/\/svatomarianskaput.sk\/wp-content\/uploads\/2023\/04\/4-1-500x375.jpg 500w, https:\/\/svatomarianskaput.sk\/wp-content\/uploads\/2023\/04\/4-1-1024x769.jpg 1024w, https:\/\/svatomarianskaput.sk\/wp-content\/uploads\/2023\/04\/4-1-768x577.jpg 768w, https:\/\/svatomarianskaput.sk\/wp-content\/uploads\/2023\/04\/4-1-1536x1153.jpg 1536w\" sizes=\"(max-width: 2046px) 100vw, 2046px\" \/><\/a><\/div><\/p>\n<p><div class=\"content-image\" >\r\n    <a data-fancybox=\"lightbox\" href=\"https:\/\/svatomarianskaput.sk\/wp-content\/uploads\/2023\/04\/IMG_2803.jpeg\"><img loading=\"lazy\" decoding=\"async\" class=\"aligncenter wp-image-4879 size-full\" src=\"https:\/\/svatomarianskaput.sk\/wp-content\/uploads\/2023\/04\/IMG_2803.jpeg\" alt=\"\" width=\"1663\" height=\"1524\" srcset=\"https:\/\/svatomarianskaput.sk\/wp-content\/uploads\/2023\/04\/IMG_2803.jpeg 1663w, https:\/\/svatomarianskaput.sk\/wp-content\/uploads\/2023\/04\/IMG_2803-500x458.jpeg 500w, https:\/\/svatomarianskaput.sk\/wp-content\/uploads\/2023\/04\/IMG_2803-1024x938.jpeg 1024w, https:\/\/svatomarianskaput.sk\/wp-content\/uploads\/2023\/04\/IMG_2803-768x704.jpeg 768w, https:\/\/svatomarianskaput.sk\/wp-content\/uploads\/2023\/04\/IMG_2803-1536x1408.jpeg 1536w\" sizes=\"(max-width: 1663px) 100vw, 1663px\" \/><\/a><\/div> <div class=\"content-image\" >\r\n    <a data-fancybox=\"lightbox\" href=\"https:\/\/svatomarianskaput.sk\/wp-content\/uploads\/2023\/04\/IMG_2810.jpeg\"><img loading=\"lazy\" decoding=\"async\" class=\"aligncenter wp-image-4880 size-full\" src=\"https:\/\/svatomarianskaput.sk\/wp-content\/uploads\/2023\/04\/IMG_2810.jpeg\" alt=\"\" width=\"1533\" height=\"1475\" srcset=\"https:\/\/svatomarianskaput.sk\/wp-content\/uploads\/2023\/04\/IMG_2810.jpeg 1533w, https:\/\/svatomarianskaput.sk\/wp-content\/uploads\/2023\/04\/IMG_2810-500x481.jpeg 500w, https:\/\/svatomarianskaput.sk\/wp-content\/uploads\/2023\/04\/IMG_2810-1024x985.jpeg 1024w, https:\/\/svatomarianskaput.sk\/wp-content\/uploads\/2023\/04\/IMG_2810-768x739.jpeg 768w\" sizes=\"(max-width: 1533px) 100vw, 1533px\" \/><\/a><\/div> <div class=\"content-image\" >\r\n    <a data-fancybox=\"lightbox\" href=\"https:\/\/svatomarianskaput.sk\/wp-content\/uploads\/2023\/04\/IMG_2834.jpeg\"><img loading=\"lazy\" decoding=\"async\" class=\"aligncenter wp-image-4881 size-full\" src=\"https:\/\/svatomarianskaput.sk\/wp-content\/uploads\/2023\/04\/IMG_2834.jpeg\" alt=\"\" width=\"1540\" height=\"1487\" srcset=\"https:\/\/svatomarianskaput.sk\/wp-content\/uploads\/2023\/04\/IMG_2834.jpeg 1540w, https:\/\/svatomarianskaput.sk\/wp-content\/uploads\/2023\/04\/IMG_2834-500x483.jpeg 500w, https:\/\/svatomarianskaput.sk\/wp-content\/uploads\/2023\/04\/IMG_2834-1024x989.jpeg 1024w, https:\/\/svatomarianskaput.sk\/wp-content\/uploads\/2023\/04\/IMG_2834-768x742.jpeg 768w, https:\/\/svatomarianskaput.sk\/wp-content\/uploads\/2023\/04\/IMG_2834-1536x1483.jpeg 1536w\" sizes=\"(max-width: 1540px) 100vw, 1540px\" \/><\/a><\/div> <div class=\"content-image\" >\r\n    <a data-fancybox=\"lightbox\" href=\"https:\/\/svatomarianskaput.sk\/wp-content\/uploads\/2023\/04\/jjcjjcjcj.jpg\"><img loading=\"lazy\" decoding=\"async\" class=\"aligncenter wp-image-4882 size-full\" src=\"https:\/\/svatomarianskaput.sk\/wp-content\/uploads\/2023\/04\/jjcjjcjcj.jpg\" alt=\"\" width=\"720\" height=\"960\" srcset=\"https:\/\/svatomarianskaput.sk\/wp-content\/uploads\/2023\/04\/jjcjjcjcj.jpg 720w, https:\/\/svatomarianskaput.sk\/wp-content\/uploads\/2023\/04\/jjcjjcjcj-375x500.jpg 375w\" sizes=\"(max-width: 720px) 100vw, 720px\" \/><\/a><\/div><div class=\"content-image\" >\r\n    <a data-fancybox=\"lightbox\" href=\"https:\/\/svatomarianskaput.sk\/wp-content\/uploads\/2023\/04\/IMG_2736.jpeg\"><img loading=\"lazy\" decoding=\"async\" class=\"aligncenter wp-image-4883 size-full\" src=\"https:\/\/svatomarianskaput.sk\/wp-content\/uploads\/2023\/04\/IMG_2736.jpeg\" alt=\"\" width=\"1880\" height=\"1536\" srcset=\"https:\/\/svatomarianskaput.sk\/wp-content\/uploads\/2023\/04\/IMG_2736.jpeg 1880w, https:\/\/svatomarianskaput.sk\/wp-content\/uploads\/2023\/04\/IMG_2736-500x409.jpeg 500w, https:\/\/svatomarianskaput.sk\/wp-content\/uploads\/2023\/04\/IMG_2736-1024x837.jpeg 1024w, https:\/\/svatomarianskaput.sk\/wp-content\/uploads\/2023\/04\/IMG_2736-768x627.jpeg 768w, https:\/\/svatomarianskaput.sk\/wp-content\/uploads\/2023\/04\/IMG_2736-1536x1255.jpeg 1536w\" sizes=\"(max-width: 1880px) 100vw, 1880px\" \/><\/a><\/div> <div class=\"content-image\" >\r\n    <a data-fancybox=\"lightbox\" href=\"https:\/\/svatomarianskaput.sk\/wp-content\/uploads\/2023\/04\/IMG_2779.jpeg\"><img loading=\"lazy\" decoding=\"async\" class=\"aligncenter wp-image-4884 size-full\" src=\"https:\/\/svatomarianskaput.sk\/wp-content\/uploads\/2023\/04\/IMG_2779.jpeg\" alt=\"\" width=\"2048\" height=\"1536\" srcset=\"https:\/\/svatomarianskaput.sk\/wp-content\/uploads\/2023\/04\/IMG_2779.jpeg 2048w, https:\/\/svatomarianskaput.sk\/wp-content\/uploads\/2023\/04\/IMG_2779-500x375.jpeg 500w, https:\/\/svatomarianskaput.sk\/wp-content\/uploads\/2023\/04\/IMG_2779-1024x768.jpeg 1024w, https:\/\/svatomarianskaput.sk\/wp-content\/uploads\/2023\/04\/IMG_2779-768x576.jpeg 768w, https:\/\/svatomarianskaput.sk\/wp-content\/uploads\/2023\/04\/IMG_2779-1536x1152.jpeg 1536w\" sizes=\"(max-width: 2048px) 100vw, 2048px\" \/><\/a><\/div><\/p>\n<p>&nbsp;<\/p>\n","protected":false},"excerpt":{"rendered":"<p>Tegoroczny archieparchialny odpust Wniebowzi\u0119cia Naj\u015bwi\u0119tszej Bogurodzicy w \u013dutinie, kulminowa\u0142 przez dwa dni w sobot\u0119 i niedziel\u0119, 20-21 sierpnia 2022 roku. R\u00f3wnie\u017c w tym wa\u017cnym miejscu pielgrzymkowym Ko\u015bcio\u0142a greckokatolickiego SUI IURIS, podczas tegorocznych g\u0142\u00f3wnych uroczysto\u015bci odpustowych, nasi koledzy zaprezentowali pielgrzymom udany projekt Samorz\u0105dowego Kraju Preszowskiego pt: &#8222;Szlak Maryjny &#8211; \u015awiat\u0142o ze Wschodu&#8221;. Podczas obu dni na [&hellip;]<\/p>\n","protected":false},"author":6,"featured_media":4888,"comment_status":"open","ping_status":"open","sticky":false,"template":"","format":"standard","meta":{"_acf_changed":false,"footnotes":""},"categories":[281,279],"tags":[],"class_list":["post-4887","post","type-post","status-publish","format-standard","has-post-thumbnail","hentry","category-miejsca-pielgrzymkowe","category-trasa-pielgrzymki"],"acf":[],"yoast_head":"<!-- This site is optimized with the Yoast SEO plugin v27.3 - https:\/\/yoast.com\/product\/yoast-seo-wordpress\/ -->\n<title>Projekt Szlak Maryjny - \u015awiat\u0142o ze Wschodu na G\u00f3rze Maryjnej w \u013dutinie - Sv\u00e4tomari\u00e1nska p\u00fa\u0165<\/title>\n<meta name=\"robots\" content=\"index, follow, max-snippet:-1, max-image-preview:large, max-video-preview:-1\" \/>\n<link rel=\"canonical\" href=\"https:\/\/svatomarianskaput.sk\/pl\/projekt-szlak-maryjny-swiatlo-ze-wschodu-na-gorze-maryjnej-w-lutinie\/\" \/>\n<meta property=\"og:locale\" content=\"pl_PL\" \/>\n<meta property=\"og:type\" content=\"article\" \/>\n<meta property=\"og:title\" content=\"Projekt Szlak Maryjny - \u015awiat\u0142o ze Wschodu na G\u00f3rze Maryjnej w \u013dutinie - Sv\u00e4tomari\u00e1nska p\u00fa\u0165\" \/>\n<meta property=\"og:description\" content=\"Tegoroczny archieparchialny odpust Wniebowzi\u0119cia Naj\u015bwi\u0119tszej Bogurodzicy w \u013dutinie, kulminowa\u0142 przez dwa dni w sobot\u0119 i niedziel\u0119, 20-21 sierpnia 2022 roku. R\u00f3wnie\u017c w tym wa\u017cnym miejscu pielgrzymkowym Ko\u015bcio\u0142a greckokatolickiego SUI IURIS, podczas tegorocznych g\u0142\u00f3wnych uroczysto\u015bci odpustowych, nasi koledzy zaprezentowali pielgrzymom udany projekt Samorz\u0105dowego Kraju Preszowskiego pt: &#8222;Szlak Maryjny &#8211; \u015awiat\u0142o ze Wschodu&#8221;. Podczas obu dni na [&hellip;]\" \/>\n<meta property=\"og:url\" content=\"https:\/\/svatomarianskaput.sk\/pl\/projekt-szlak-maryjny-swiatlo-ze-wschodu-na-gorze-maryjnej-w-lutinie\/\" \/>\n<meta property=\"og:site_name\" content=\"Sv\u00e4tomari\u00e1nska p\u00fa\u0165\" \/>\n<meta property=\"article:published_time\" content=\"2022-08-25T13:21:11+00:00\" \/>\n<meta property=\"article:modified_time\" content=\"2023-05-10T13:38:58+00:00\" \/>\n<meta property=\"og:image\" content=\"https:\/\/svatomarianskaput.sk\/wp-content\/uploads\/2023\/04\/FB_IMG_1661189589283-e1681910427125.jpg\" \/>\n\t<meta property=\"og:image:width\" content=\"810\" \/>\n\t<meta property=\"og:image:height\" content=\"810\" \/>\n\t<meta property=\"og:image:type\" content=\"image\/jpeg\" \/>\n<meta name=\"author\" content=\"Inova\u010dn\u00e9 partnersk\u00e9 centrum\" \/>\n<meta name=\"twitter:card\" content=\"summary_large_image\" \/>\n<meta name=\"twitter:label1\" content=\"Napisane przez\" \/>\n\t<meta name=\"twitter:data1\" content=\"Inova\u010dn\u00e9 partnersk\u00e9 centrum\" \/>\n\t<meta name=\"twitter:label2\" content=\"Szacowany czas czytania\" \/>\n\t<meta name=\"twitter:data2\" content=\"8 minut\" \/>\n<script type=\"application\/ld+json\" class=\"yoast-schema-graph\">{\"@context\":\"https:\\\/\\\/schema.org\",\"@graph\":[{\"@type\":\"Article\",\"@id\":\"https:\\\/\\\/svatomarianskaput.sk\\\/pl\\\/projekt-szlak-maryjny-swiatlo-ze-wschodu-na-gorze-maryjnej-w-lutinie\\\/#article\",\"isPartOf\":{\"@id\":\"https:\\\/\\\/svatomarianskaput.sk\\\/pl\\\/projekt-szlak-maryjny-swiatlo-ze-wschodu-na-gorze-maryjnej-w-lutinie\\\/\"},\"author\":{\"name\":\"Inova\u010dn\u00e9 partnersk\u00e9 centrum\",\"@id\":\"https:\\\/\\\/svatomarianskaput.sk\\\/pl\\\/#\\\/schema\\\/person\\\/694165a5a38dcafcff369eed3b079ee1\"},\"headline\":\"Projekt Szlak Maryjny &#8211; \u015awiat\u0142o ze Wschodu na G\u00f3rze Maryjnej w \u013dutinie\",\"datePublished\":\"2022-08-25T13:21:11+00:00\",\"dateModified\":\"2023-05-10T13:38:58+00:00\",\"mainEntityOfPage\":{\"@id\":\"https:\\\/\\\/svatomarianskaput.sk\\\/pl\\\/projekt-szlak-maryjny-swiatlo-ze-wschodu-na-gorze-maryjnej-w-lutinie\\\/\"},\"wordCount\":1360,\"commentCount\":0,\"publisher\":{\"@id\":\"https:\\\/\\\/svatomarianskaput.sk\\\/pl\\\/#organization\"},\"image\":{\"@id\":\"https:\\\/\\\/svatomarianskaput.sk\\\/pl\\\/projekt-szlak-maryjny-swiatlo-ze-wschodu-na-gorze-maryjnej-w-lutinie\\\/#primaryimage\"},\"thumbnailUrl\":\"https:\\\/\\\/svatomarianskaput.sk\\\/wp-content\\\/uploads\\\/2023\\\/04\\\/FB_IMG_1661189589283-e1681910427125.jpg\",\"articleSection\":[\"\u2022 Miejsca pielgrzymkowe\",\"\u2022 Trasa pielgrzymki\"],\"inLanguage\":\"pl-PL\",\"potentialAction\":[{\"@type\":\"CommentAction\",\"name\":\"Comment\",\"target\":[\"https:\\\/\\\/svatomarianskaput.sk\\\/pl\\\/projekt-szlak-maryjny-swiatlo-ze-wschodu-na-gorze-maryjnej-w-lutinie\\\/#respond\"]}]},{\"@type\":\"WebPage\",\"@id\":\"https:\\\/\\\/svatomarianskaput.sk\\\/pl\\\/projekt-szlak-maryjny-swiatlo-ze-wschodu-na-gorze-maryjnej-w-lutinie\\\/\",\"url\":\"https:\\\/\\\/svatomarianskaput.sk\\\/pl\\\/projekt-szlak-maryjny-swiatlo-ze-wschodu-na-gorze-maryjnej-w-lutinie\\\/\",\"name\":\"Projekt Szlak Maryjny - \u015awiat\u0142o ze Wschodu na G\u00f3rze Maryjnej w \u013dutinie - Sv\u00e4tomari\u00e1nska p\u00fa\u0165\",\"isPartOf\":{\"@id\":\"https:\\\/\\\/svatomarianskaput.sk\\\/pl\\\/#website\"},\"primaryImageOfPage\":{\"@id\":\"https:\\\/\\\/svatomarianskaput.sk\\\/pl\\\/projekt-szlak-maryjny-swiatlo-ze-wschodu-na-gorze-maryjnej-w-lutinie\\\/#primaryimage\"},\"image\":{\"@id\":\"https:\\\/\\\/svatomarianskaput.sk\\\/pl\\\/projekt-szlak-maryjny-swiatlo-ze-wschodu-na-gorze-maryjnej-w-lutinie\\\/#primaryimage\"},\"thumbnailUrl\":\"https:\\\/\\\/svatomarianskaput.sk\\\/wp-content\\\/uploads\\\/2023\\\/04\\\/FB_IMG_1661189589283-e1681910427125.jpg\",\"datePublished\":\"2022-08-25T13:21:11+00:00\",\"dateModified\":\"2023-05-10T13:38:58+00:00\",\"breadcrumb\":{\"@id\":\"https:\\\/\\\/svatomarianskaput.sk\\\/pl\\\/projekt-szlak-maryjny-swiatlo-ze-wschodu-na-gorze-maryjnej-w-lutinie\\\/#breadcrumb\"},\"inLanguage\":\"pl-PL\",\"potentialAction\":[{\"@type\":\"ReadAction\",\"target\":[\"https:\\\/\\\/svatomarianskaput.sk\\\/pl\\\/projekt-szlak-maryjny-swiatlo-ze-wschodu-na-gorze-maryjnej-w-lutinie\\\/\"]}]},{\"@type\":\"ImageObject\",\"inLanguage\":\"pl-PL\",\"@id\":\"https:\\\/\\\/svatomarianskaput.sk\\\/pl\\\/projekt-szlak-maryjny-swiatlo-ze-wschodu-na-gorze-maryjnej-w-lutinie\\\/#primaryimage\",\"url\":\"https:\\\/\\\/svatomarianskaput.sk\\\/wp-content\\\/uploads\\\/2023\\\/04\\\/FB_IMG_1661189589283-e1681910427125.jpg\",\"contentUrl\":\"https:\\\/\\\/svatomarianskaput.sk\\\/wp-content\\\/uploads\\\/2023\\\/04\\\/FB_IMG_1661189589283-e1681910427125.jpg\",\"width\":810,\"height\":810},{\"@type\":\"BreadcrumbList\",\"@id\":\"https:\\\/\\\/svatomarianskaput.sk\\\/pl\\\/projekt-szlak-maryjny-swiatlo-ze-wschodu-na-gorze-maryjnej-w-lutinie\\\/#breadcrumb\",\"itemListElement\":[{\"@type\":\"ListItem\",\"position\":1,\"name\":\"Domovsk\u00e1 str\u00e1nka\",\"item\":\"https:\\\/\\\/svatomarianskaput.sk\\\/pl\\\/\"},{\"@type\":\"ListItem\",\"position\":2,\"name\":\"Projekt Szlak Maryjny &#8211; \u015awiat\u0142o ze Wschodu na G\u00f3rze Maryjnej w \u013dutinie\"}]},{\"@type\":\"WebSite\",\"@id\":\"https:\\\/\\\/svatomarianskaput.sk\\\/pl\\\/#website\",\"url\":\"https:\\\/\\\/svatomarianskaput.sk\\\/pl\\\/\",\"name\":\"Sv\u00e4tomari\u00e1nska p\u00fa\u0165\",\"description\":\"Vydaj sa na cestu (seba)poznania\",\"publisher\":{\"@id\":\"https:\\\/\\\/svatomarianskaput.sk\\\/pl\\\/#organization\"},\"potentialAction\":[{\"@type\":\"SearchAction\",\"target\":{\"@type\":\"EntryPoint\",\"urlTemplate\":\"https:\\\/\\\/svatomarianskaput.sk\\\/pl\\\/?s={search_term_string}\"},\"query-input\":{\"@type\":\"PropertyValueSpecification\",\"valueRequired\":true,\"valueName\":\"search_term_string\"}}],\"inLanguage\":\"pl-PL\"},{\"@type\":\"Organization\",\"@id\":\"https:\\\/\\\/svatomarianskaput.sk\\\/pl\\\/#organization\",\"name\":\"Sv\u00e4tomari\u00e1nska p\u00fa\u0165\",\"url\":\"https:\\\/\\\/svatomarianskaput.sk\\\/pl\\\/\",\"logo\":{\"@type\":\"ImageObject\",\"inLanguage\":\"pl-PL\",\"@id\":\"https:\\\/\\\/svatomarianskaput.sk\\\/pl\\\/#\\\/schema\\\/logo\\\/image\\\/\",\"url\":\"https:\\\/\\\/svatomarianskaput.sk\\\/wp-content\\\/uploads\\\/2022\\\/05\\\/logo-sk.svg\",\"contentUrl\":\"https:\\\/\\\/svatomarianskaput.sk\\\/wp-content\\\/uploads\\\/2022\\\/05\\\/logo-sk.svg\",\"caption\":\"Sv\u00e4tomari\u00e1nska p\u00fa\u0165\"},\"image\":{\"@id\":\"https:\\\/\\\/svatomarianskaput.sk\\\/pl\\\/#\\\/schema\\\/logo\\\/image\\\/\"}},{\"@type\":\"Person\",\"@id\":\"https:\\\/\\\/svatomarianskaput.sk\\\/pl\\\/#\\\/schema\\\/person\\\/694165a5a38dcafcff369eed3b079ee1\",\"name\":\"Inova\u010dn\u00e9 partnersk\u00e9 centrum\",\"image\":{\"@type\":\"ImageObject\",\"inLanguage\":\"pl-PL\",\"@id\":\"https:\\\/\\\/secure.gravatar.com\\\/avatar\\\/29f7891c9c27e8b596e4d4b516cb4ad484e51bd012c621399f367e65bc99d2f1?s=96&d=mm&r=g\",\"url\":\"https:\\\/\\\/secure.gravatar.com\\\/avatar\\\/29f7891c9c27e8b596e4d4b516cb4ad484e51bd012c621399f367e65bc99d2f1?s=96&d=mm&r=g\",\"contentUrl\":\"https:\\\/\\\/secure.gravatar.com\\\/avatar\\\/29f7891c9c27e8b596e4d4b516cb4ad484e51bd012c621399f367e65bc99d2f1?s=96&d=mm&r=g\",\"caption\":\"Inova\u010dn\u00e9 partnersk\u00e9 centrum\"},\"sameAs\":[\"https:\\\/\\\/svatomarianskaput.sk\"]}]}<\/script>\n<!-- \/ Yoast SEO plugin. -->","yoast_head_json":{"title":"Projekt Szlak Maryjny - \u015awiat\u0142o ze Wschodu na G\u00f3rze Maryjnej w \u013dutinie - Sv\u00e4tomari\u00e1nska p\u00fa\u0165","robots":{"index":"index","follow":"follow","max-snippet":"max-snippet:-1","max-image-preview":"max-image-preview:large","max-video-preview":"max-video-preview:-1"},"canonical":"https:\/\/svatomarianskaput.sk\/pl\/projekt-szlak-maryjny-swiatlo-ze-wschodu-na-gorze-maryjnej-w-lutinie\/","og_locale":"pl_PL","og_type":"article","og_title":"Projekt Szlak Maryjny - \u015awiat\u0142o ze Wschodu na G\u00f3rze Maryjnej w \u013dutinie - Sv\u00e4tomari\u00e1nska p\u00fa\u0165","og_description":"Tegoroczny archieparchialny odpust Wniebowzi\u0119cia Naj\u015bwi\u0119tszej Bogurodzicy w \u013dutinie, kulminowa\u0142 przez dwa dni w sobot\u0119 i niedziel\u0119, 20-21 sierpnia 2022 roku. R\u00f3wnie\u017c w tym wa\u017cnym miejscu pielgrzymkowym Ko\u015bcio\u0142a greckokatolickiego SUI IURIS, podczas tegorocznych g\u0142\u00f3wnych uroczysto\u015bci odpustowych, nasi koledzy zaprezentowali pielgrzymom udany projekt Samorz\u0105dowego Kraju Preszowskiego pt: &#8222;Szlak Maryjny &#8211; \u015awiat\u0142o ze Wschodu&#8221;. Podczas obu dni na [&hellip;]","og_url":"https:\/\/svatomarianskaput.sk\/pl\/projekt-szlak-maryjny-swiatlo-ze-wschodu-na-gorze-maryjnej-w-lutinie\/","og_site_name":"Sv\u00e4tomari\u00e1nska p\u00fa\u0165","article_published_time":"2022-08-25T13:21:11+00:00","article_modified_time":"2023-05-10T13:38:58+00:00","og_image":[{"width":810,"height":810,"url":"https:\/\/svatomarianskaput.sk\/wp-content\/uploads\/2023\/04\/FB_IMG_1661189589283-e1681910427125.jpg","type":"image\/jpeg"}],"author":"Inova\u010dn\u00e9 partnersk\u00e9 centrum","twitter_card":"summary_large_image","twitter_misc":{"Napisane przez":"Inova\u010dn\u00e9 partnersk\u00e9 centrum","Szacowany czas czytania":"8 minut"},"schema":{"@context":"https:\/\/schema.org","@graph":[{"@type":"Article","@id":"https:\/\/svatomarianskaput.sk\/pl\/projekt-szlak-maryjny-swiatlo-ze-wschodu-na-gorze-maryjnej-w-lutinie\/#article","isPartOf":{"@id":"https:\/\/svatomarianskaput.sk\/pl\/projekt-szlak-maryjny-swiatlo-ze-wschodu-na-gorze-maryjnej-w-lutinie\/"},"author":{"name":"Inova\u010dn\u00e9 partnersk\u00e9 centrum","@id":"https:\/\/svatomarianskaput.sk\/pl\/#\/schema\/person\/694165a5a38dcafcff369eed3b079ee1"},"headline":"Projekt Szlak Maryjny &#8211; \u015awiat\u0142o ze Wschodu na G\u00f3rze Maryjnej w \u013dutinie","datePublished":"2022-08-25T13:21:11+00:00","dateModified":"2023-05-10T13:38:58+00:00","mainEntityOfPage":{"@id":"https:\/\/svatomarianskaput.sk\/pl\/projekt-szlak-maryjny-swiatlo-ze-wschodu-na-gorze-maryjnej-w-lutinie\/"},"wordCount":1360,"commentCount":0,"publisher":{"@id":"https:\/\/svatomarianskaput.sk\/pl\/#organization"},"image":{"@id":"https:\/\/svatomarianskaput.sk\/pl\/projekt-szlak-maryjny-swiatlo-ze-wschodu-na-gorze-maryjnej-w-lutinie\/#primaryimage"},"thumbnailUrl":"https:\/\/svatomarianskaput.sk\/wp-content\/uploads\/2023\/04\/FB_IMG_1661189589283-e1681910427125.jpg","articleSection":["\u2022 Miejsca pielgrzymkowe","\u2022 Trasa pielgrzymki"],"inLanguage":"pl-PL","potentialAction":[{"@type":"CommentAction","name":"Comment","target":["https:\/\/svatomarianskaput.sk\/pl\/projekt-szlak-maryjny-swiatlo-ze-wschodu-na-gorze-maryjnej-w-lutinie\/#respond"]}]},{"@type":"WebPage","@id":"https:\/\/svatomarianskaput.sk\/pl\/projekt-szlak-maryjny-swiatlo-ze-wschodu-na-gorze-maryjnej-w-lutinie\/","url":"https:\/\/svatomarianskaput.sk\/pl\/projekt-szlak-maryjny-swiatlo-ze-wschodu-na-gorze-maryjnej-w-lutinie\/","name":"Projekt Szlak Maryjny - \u015awiat\u0142o ze Wschodu na G\u00f3rze Maryjnej w \u013dutinie - Sv\u00e4tomari\u00e1nska p\u00fa\u0165","isPartOf":{"@id":"https:\/\/svatomarianskaput.sk\/pl\/#website"},"primaryImageOfPage":{"@id":"https:\/\/svatomarianskaput.sk\/pl\/projekt-szlak-maryjny-swiatlo-ze-wschodu-na-gorze-maryjnej-w-lutinie\/#primaryimage"},"image":{"@id":"https:\/\/svatomarianskaput.sk\/pl\/projekt-szlak-maryjny-swiatlo-ze-wschodu-na-gorze-maryjnej-w-lutinie\/#primaryimage"},"thumbnailUrl":"https:\/\/svatomarianskaput.sk\/wp-content\/uploads\/2023\/04\/FB_IMG_1661189589283-e1681910427125.jpg","datePublished":"2022-08-25T13:21:11+00:00","dateModified":"2023-05-10T13:38:58+00:00","breadcrumb":{"@id":"https:\/\/svatomarianskaput.sk\/pl\/projekt-szlak-maryjny-swiatlo-ze-wschodu-na-gorze-maryjnej-w-lutinie\/#breadcrumb"},"inLanguage":"pl-PL","potentialAction":[{"@type":"ReadAction","target":["https:\/\/svatomarianskaput.sk\/pl\/projekt-szlak-maryjny-swiatlo-ze-wschodu-na-gorze-maryjnej-w-lutinie\/"]}]},{"@type":"ImageObject","inLanguage":"pl-PL","@id":"https:\/\/svatomarianskaput.sk\/pl\/projekt-szlak-maryjny-swiatlo-ze-wschodu-na-gorze-maryjnej-w-lutinie\/#primaryimage","url":"https:\/\/svatomarianskaput.sk\/wp-content\/uploads\/2023\/04\/FB_IMG_1661189589283-e1681910427125.jpg","contentUrl":"https:\/\/svatomarianskaput.sk\/wp-content\/uploads\/2023\/04\/FB_IMG_1661189589283-e1681910427125.jpg","width":810,"height":810},{"@type":"BreadcrumbList","@id":"https:\/\/svatomarianskaput.sk\/pl\/projekt-szlak-maryjny-swiatlo-ze-wschodu-na-gorze-maryjnej-w-lutinie\/#breadcrumb","itemListElement":[{"@type":"ListItem","position":1,"name":"Domovsk\u00e1 str\u00e1nka","item":"https:\/\/svatomarianskaput.sk\/pl\/"},{"@type":"ListItem","position":2,"name":"Projekt Szlak Maryjny &#8211; \u015awiat\u0142o ze Wschodu na G\u00f3rze Maryjnej w \u013dutinie"}]},{"@type":"WebSite","@id":"https:\/\/svatomarianskaput.sk\/pl\/#website","url":"https:\/\/svatomarianskaput.sk\/pl\/","name":"Sv\u00e4tomari\u00e1nska p\u00fa\u0165","description":"Vydaj sa na cestu (seba)poznania","publisher":{"@id":"https:\/\/svatomarianskaput.sk\/pl\/#organization"},"potentialAction":[{"@type":"SearchAction","target":{"@type":"EntryPoint","urlTemplate":"https:\/\/svatomarianskaput.sk\/pl\/?s={search_term_string}"},"query-input":{"@type":"PropertyValueSpecification","valueRequired":true,"valueName":"search_term_string"}}],"inLanguage":"pl-PL"},{"@type":"Organization","@id":"https:\/\/svatomarianskaput.sk\/pl\/#organization","name":"Sv\u00e4tomari\u00e1nska p\u00fa\u0165","url":"https:\/\/svatomarianskaput.sk\/pl\/","logo":{"@type":"ImageObject","inLanguage":"pl-PL","@id":"https:\/\/svatomarianskaput.sk\/pl\/#\/schema\/logo\/image\/","url":"https:\/\/svatomarianskaput.sk\/wp-content\/uploads\/2022\/05\/logo-sk.svg","contentUrl":"https:\/\/svatomarianskaput.sk\/wp-content\/uploads\/2022\/05\/logo-sk.svg","caption":"Sv\u00e4tomari\u00e1nska p\u00fa\u0165"},"image":{"@id":"https:\/\/svatomarianskaput.sk\/pl\/#\/schema\/logo\/image\/"}},{"@type":"Person","@id":"https:\/\/svatomarianskaput.sk\/pl\/#\/schema\/person\/694165a5a38dcafcff369eed3b079ee1","name":"Inova\u010dn\u00e9 partnersk\u00e9 centrum","image":{"@type":"ImageObject","inLanguage":"pl-PL","@id":"https:\/\/secure.gravatar.com\/avatar\/29f7891c9c27e8b596e4d4b516cb4ad484e51bd012c621399f367e65bc99d2f1?s=96&d=mm&r=g","url":"https:\/\/secure.gravatar.com\/avatar\/29f7891c9c27e8b596e4d4b516cb4ad484e51bd012c621399f367e65bc99d2f1?s=96&d=mm&r=g","contentUrl":"https:\/\/secure.gravatar.com\/avatar\/29f7891c9c27e8b596e4d4b516cb4ad484e51bd012c621399f367e65bc99d2f1?s=96&d=mm&r=g","caption":"Inova\u010dn\u00e9 partnersk\u00e9 centrum"},"sameAs":["https:\/\/svatomarianskaput.sk"]}]}},"_links":{"self":[{"href":"https:\/\/svatomarianskaput.sk\/pl\/wp-json\/wp\/v2\/posts\/4887","targetHints":{"allow":["GET"]}}],"collection":[{"href":"https:\/\/svatomarianskaput.sk\/pl\/wp-json\/wp\/v2\/posts"}],"about":[{"href":"https:\/\/svatomarianskaput.sk\/pl\/wp-json\/wp\/v2\/types\/post"}],"author":[{"embeddable":true,"href":"https:\/\/svatomarianskaput.sk\/pl\/wp-json\/wp\/v2\/users\/6"}],"replies":[{"embeddable":true,"href":"https:\/\/svatomarianskaput.sk\/pl\/wp-json\/wp\/v2\/comments?post=4887"}],"version-history":[{"count":1,"href":"https:\/\/svatomarianskaput.sk\/pl\/wp-json\/wp\/v2\/posts\/4887\/revisions"}],"predecessor-version":[{"id":4889,"href":"https:\/\/svatomarianskaput.sk\/pl\/wp-json\/wp\/v2\/posts\/4887\/revisions\/4889"}],"wp:featuredmedia":[{"embeddable":true,"href":"https:\/\/svatomarianskaput.sk\/pl\/wp-json\/wp\/v2\/media\/4888"}],"wp:attachment":[{"href":"https:\/\/svatomarianskaput.sk\/pl\/wp-json\/wp\/v2\/media?parent=4887"}],"wp:term":[{"taxonomy":"category","embeddable":true,"href":"https:\/\/svatomarianskaput.sk\/pl\/wp-json\/wp\/v2\/categories?post=4887"},{"taxonomy":"post_tag","embeddable":true,"href":"https:\/\/svatomarianskaput.sk\/pl\/wp-json\/wp\/v2\/tags?post=4887"}],"curies":[{"name":"wp","href":"https:\/\/api.w.org\/{rel}","templated":true}]}}